{"id":982,"date":"2017-05-29T19:29:45","date_gmt":"2017-05-29T19:29:45","guid":{"rendered":"http:\/\/ecav.pt\/?p=982"},"modified":"2017-06-05T10:11:49","modified_gmt":"2017-06-05T10:11:49","slug":"ecav-open-de-oeiras-2017-quase-a-comecar","status":"publish","type":"post","link":"https:\/\/ecav.pt\/index.php\/2017\/05\/29\/ecav-open-de-oeiras-2017-quase-a-comecar\/","title":{"rendered":"ECAV Open de Oeiras 2017"},"content":{"rendered":"<div class=\"wpb-content-wrapper\"><p>[vc_row][vc_column width=&#8221;1\/2&#8243;][vc_column_text]<\/p>\n<p style=\"text-align: justify;\" align=\"justify\">\u00c9 j\u00e1 dia 3 de Junho que come\u00e7a o ECAV Open de Oeiras, um dos mais importantes torneios S\u00e9niores do calend\u00e1rio federativo portugu\u00eas. A prova ir\u00e1 decorrer no CETO \u2013 Clube Escola T\u00e9nis de Oeiras, com organiza\u00e7\u00e3o da Cunha e Silva Tennis Academy, at\u00e9 10 de Junho.<\/p>\n<p style=\"text-align: justify;\" align=\"justify\">As provas de qualifica\u00e7\u00e3o s\u00e3o disputadas no primeiro fim-de-semana, a 3 e 4 de Junho, e o quadro principal come\u00e7a dia 5, terminando no s\u00e1bado seguinte, onde v\u00e3o decorrer as finais singulares masculina e feminina. \u201cVamos ter um torneio interessante, muito competitivo e, certamente, com bons jogos. Pretendemos elevar o n\u00edvel desta prova, de ano para ano.\u201d, afirma Jo\u00e3o Cunha e Silva, Diretor do Torneio.<\/p>\n<p style=\"text-align: justify;\" align=\"justify\">O torneio acaba por ser, tamb\u00e9m, uma rampa de lan\u00e7amento para jovens promessas do t\u00e9nis, jogadores do circuito J\u00fanior que procuram os seus primeiros pontos S\u00e9niores nacionais para conseguirem ter ranking de forma a poderem jogar nos torneios internacionais.<\/p>\n<p style=\"text-align: justify;\">\u201c\u00c9 um torneio muito aproveitado por jogadores em fase de relan\u00e7amento das suas carreiras e tamb\u00e9m por jovens promessas de sub18 e sub16 j\u00e1 com algum valor, que t\u00eam aqui a oportunidade de fazer alguns resultados nos S\u00e9niores\u201d, refor\u00e7a Cunha e Silva e acrescenta \u201cO Open de Oeiras tem uma elevada import\u00e2ncia porque move muitos dos jogadores que j\u00e1 jogam internacionalmente e t\u00eam aqui a possibilidade de mostrar o seu talento e ganhar algum dinheiro para investir nas suas carreiras\u201d.<\/p>\n<p style=\"text-align: justify;\">Pelo Open de Oeiras j\u00e1 passaram jogadores reconhecidos a n\u00edvel nacional e internacional, tais como: Frederico Gil (ex finalista do estoril Open); Gon\u00e7alo Pereira (ex campe\u00e3o nacional); Felipe Cunha Silva (jogador ATP); Martim Trueva (ex campe\u00e3o nacional); Francisco Franco Dias (ex campe\u00e3o nacional Sub18); Goncalo Falc\u00e3o (ex campe\u00e3o nacional de v\u00e1rios escal\u00f5es); B\u00e1rbara Luz (ex campe\u00e3 nacional); Cl\u00e1udia Cianci (jogadora WTA), Carlota Santos (ex jogadora da sele\u00e7\u00e3o nacional), entre outros.<\/p>\n<p style=\"text-align: justify;\">Este ano, o ECAV Open de Oeiras faz parte do circuito dos mais importantes torneios nacionais da Associa\u00e7\u00e3o de T\u00e9nis de Lisboa, que culminar\u00e1 num Masters no final do ano para os jogadores com melhor pontua\u00e7\u00e3o no conjunto de torneios desse circuito.<\/p>\n<p style=\"text-align: justify;\" align=\"justify\">A ECAV \u2013 Escola de Condu\u00e7\u00e3o Armando V\u00edtor \u00e9 o naming sponsor do torneio, que conta com o apoio da C\u00e2mara Municipal de Oeiras.<\/p>\n<p>[\/vc_column_text][vc_empty_space][\/vc_column][vc_column width=&#8221;1\/2&#8243;][vc_single_image image=&#8221;984&#8243; img_size=&#8221;full&#8221; onclick=&#8221;link_image&#8221; css_animation=&#8221;appear&#8221;][\/vc_column][\/vc_row]<\/p>\n<\/div>","protected":false},"excerpt":{"rendered":"<p>[vc_row][vc_column width=&#8221;1\/2&#8243;][vc_column_text] \u00c9 j\u00e1 dia 3 de Junho que come\u00e7a o ECAV Open de Oeiras, um dos mais importantes torneios S\u00e9niores do calend\u00e1rio federativo portugu\u00eas. A prova ir\u00e1 decorrer no CETO \u2013 Clube Escola T\u00e9nis de Oeiras, com organiza\u00e7\u00e3o da Cunha e Silva Tennis Academy, at\u00e9 10 de Junho. As provas de qualifica\u00e7\u00e3o s\u00e3o disputadas<\/p>\n","protected":false},"author":1,"featured_media":983,"comment_status":"closed","ping_status":"closed","sticky":false,"template":"","format":"standard","meta":{"footnotes":""},"categories":[36],"tags":[],"class_list":["post-982","post","type-post","status-publish","format-standard","has-post-thumbnail","hentry","category-noticias"],"aioseo_notices":[],"_links":{"self":[{"href":"https:\/\/ecav.pt\/index.php\/wp-json\/wp\/v2\/posts\/982","targetHints":{"allow":["GET"]}}],"collection":[{"href":"https:\/\/ecav.pt\/index.php\/wp-json\/wp\/v2\/posts"}],"about":[{"href":"https:\/\/ecav.pt\/index.php\/wp-json\/wp\/v2\/types\/post"}],"author":[{"embeddable":true,"href":"https:\/\/ecav.pt\/index.php\/wp-json\/wp\/v2\/users\/1"}],"replies":[{"embeddable":true,"href":"https:\/\/ecav.pt\/index.php\/wp-json\/wp\/v2\/comments?post=982"}],"version-history":[{"count":0,"href":"https:\/\/ecav.pt\/index.php\/wp-json\/wp\/v2\/posts\/982\/revisions"}],"wp:featuredmedia":[{"embeddable":true,"href":"https:\/\/ecav.pt\/index.php\/wp-json\/wp\/v2\/media\/983"}],"wp:attachment":[{"href":"https:\/\/ecav.pt\/index.php\/wp-json\/wp\/v2\/media?parent=982"}],"wp:term":[{"taxonomy":"category","embeddable":true,"href":"https:\/\/ecav.pt\/index.php\/wp-json\/wp\/v2\/categories?post=982"},{"taxonomy":"post_tag","embeddable":true,"href":"https:\/\/ecav.pt\/index.php\/wp-json\/wp\/v2\/tags?post=982"}],"curies":[{"name":"wp","href":"https:\/\/api.w.org\/{rel}","templated":true}]}}